{"id":389,"date":"2017-06-08T15:05:42","date_gmt":"2017-06-08T15:05:42","guid":{"rendered":"http:\/\/www.yamahadelcafe.com\/?p=389"},"modified":"2017-06-08T15:05:42","modified_gmt":"2017-06-08T15:05:42","slug":"campana-de-servicio-yamaha-del-cafe-cambio-llanta-trasera-en-las-motocicletas-modelo-fazer15-y-fz15","status":"publish","type":"post","link":"https:\/\/caldasmotos.com\/index.php\/2017\/06\/08\/campana-de-servicio-yamaha-del-cafe-cambio-llanta-trasera-en-las-motocicletas-modelo-fazer15-y-fz15\/","title":{"rendered":"CAMPA\u00d1A DE SERVICIO YAMAHA DEL CAF\u00c9 &#8211; CAMBIO LLANTA TRASERA EN LAS MOTOCICLETAS MODELO FAZER15 Y FZ15"},"content":{"rendered":"<p><img loading=\"lazy\" class=\"wp-image-390 aligncenter\" src=\"http:\/\/simbiosystemas-001-site6.gtempurl.com\/wp-content\/uploads\/2017\/06\/Fazer-fz16-yamaha-distrimotos-palmira-300x138.jpg\" alt=\"\" width=\"346\" height=\"159\" srcset=\"https:\/\/caldasmotos.com\/wp-content\/uploads\/2017\/06\/Fazer-fz16-yamaha-distrimotos-palmira-300x138.jpg 300w, https:\/\/caldasmotos.com\/wp-content\/uploads\/2017\/06\/Fazer-fz16-yamaha-distrimotos-palmira-600x276.jpg 600w, https:\/\/caldasmotos.com\/wp-content\/uploads\/2017\/06\/Fazer-fz16-yamaha-distrimotos-palmira-768x353.jpg 768w, https:\/\/caldasmotos.com\/wp-content\/uploads\/2017\/06\/Fazer-fz16-yamaha-distrimotos-palmira-1024x471.jpg 1024w, https:\/\/caldasmotos.com\/wp-content\/uploads\/2017\/06\/Fazer-fz16-yamaha-distrimotos-palmira.jpg 1996w\" sizes=\"(max-width: 346px) 100vw, 346px\" \/><br \/>\nComo parte\u00a0de la pol\u00edtica de <strong>YAMAHA<\/strong> de mejora continua de la calidad y prestaciones de sus productos, Incolmotos Yamaha S. A invita asistir a cualquiera de nuestros centros de servicio t\u00e9cnico autorizado Yamaha, a los propietarios de las motocicletas Fazer15 y FZ15 , que se encuentran en el rango mostrado a continuaci\u00f3n y que tengan instaladas la llanta trasera de referencia Metzeler Sportec MS 140\/60R17, para que hagan parte de la campa\u00f1a de servicio que se ha iniciado:<\/p>\n<table border=\"0\" width=\"100%\" cellspacing=\"0\" cellpadding=\"0\">\n<tbody>\n<tr>\n<th scope=\"row\">\n<table border=\"1\" width=\"80%\" cellspacing=\"0\" cellpadding=\"0\">\n<tbody>\n<tr>\n<td>Modelo<\/td>\n<td>Desde N\u00famero de Motor<\/td>\n<td>Hasta N\u00famero de Motor<\/td>\n<\/tr>\n<tr>\n<td>FAZER15 \/ FZ15<\/td>\n<td>G3E9E0035877<\/td>\n<td>G3E9E0049396<\/td>\n<\/tr>\n<\/tbody>\n<\/table>\n<\/th>\n<\/tr>\n<\/tbody>\n<\/table>\n<p style=\"text-align: center;\">\n<p>El objetivo de esta campa\u00f1a sin ning\u00fan costo adicional para los usuarios,es reemplazar la llanta trasera de la motocicleta.<\/p>\n<p>Para conocer m\u00e1s detalles acerca de esta campa\u00f1a, por favor comun\u00edquese con\u00a0<strong>nuestra l\u00ednea gratuita de atenci\u00f3n 01 8000 93 92 62. Horario de atenci\u00f3n: Lunes a Viernes de 08:00 a.m a 06:00 p.m y S\u00e1bados de 08:00 a.m a 01:00 p.m.<\/strong><\/p>\n<p style=\"text-align: center;\">*Fecha inicio campa\u00f1a:<strong> 01 de Junio de 2017<\/strong> \u2013 Fecha finalizaci\u00f3n campa\u00f1a: <strong>01 de Junio de 2018<\/strong><\/p>\n","protected":false},"excerpt":{"rendered":"<p>Como parte\u00a0de la pol\u00edtica de YAMAHA de mejora continua de la calidad y prestaciones de sus productos, Incolmotos Yamaha S. A invita asistir a cualquiera de nuestros centros de servicio t\u00e9cnico autorizado Yamaha, a los propietarios de las motocicletas Fazer15 y FZ15 , que se encuentran en el rango mostrado a continuaci\u00f3n y que tengan <a href=\"https:\/\/caldasmotos.com\/index.php\/2017\/06\/08\/campana-de-servicio-yamaha-del-cafe-cambio-llanta-trasera-en-las-motocicletas-modelo-fazer15-y-fz15\/\" rel=\"nofollow\"><span class=\"sr-only\">Read more about CAMPA\u00d1A DE SERVICIO YAMAHA DEL CAF\u00c9 &#8211; CAMBIO LLANTA TRASERA EN LAS MOTOCICLETAS MODELO FAZER15 Y FZ15<\/span>[&#8230;]<\/a><\/p>\n","protected":false},"author":1,"featured_media":390,"comment_status":"open","ping_status":"open","sticky":false,"template":"","format":"standard","meta":{"_monsterinsights_skip_tracking":false,"_monsterinsights_sitenote_active":false,"_monsterinsights_sitenote_note":"","_monsterinsights_sitenote_category":0},"categories":[8],"tags":[],"aioseo_notices":[],"yoast_head":"<!-- This site is optimized with the Yoast SEO plugin v18.4.1 - https:\/\/yoast.com\/wordpress\/plugins\/seo\/ -->\r\n<title>CAMPA\u00d1A DE SERVICIO YAMAHA DEL CAF\u00c9 - CAMBIO LLANTA TRASERA EN LAS MOTOCICLETAS MODELO FAZER15 Y FZ15 - CALDAS MOTOS<\/title>\r\n<meta name=\"description\" content=\"Caldas motos, yamaha manizales, manizales yamaha, yamaha, caldas yamaha\" \/>\r\n<meta name=\"robots\" content=\"index, follow, max-snippet:-1, max-image-preview:large, max-video-preview:-1\" \/>\r\n<link rel=\"canonical\" href=\"https:\/\/caldasmotos.com\/index.php\/2017\/06\/08\/campana-de-servicio-yamaha-del-cafe-cambio-llanta-trasera-en-las-motocicletas-modelo-fazer15-y-fz15\/\" \/>\r\n<meta property=\"og:locale\" content=\"es_ES\" \/>\r\n<meta property=\"og:type\" content=\"article\" \/>\r\n<meta property=\"og:title\" content=\"CAMPA\u00d1A DE SERVICIO YAMAHA DEL CAF\u00c9 - CAMBIO LLANTA TRASERA EN LAS MOTOCICLETAS MODELO FAZER15 Y FZ15 - CALDAS MOTOS\" \/>\r\n<meta property=\"og:description\" content=\"Caldas motos, yamaha manizales, manizales yamaha, yamaha, caldas yamaha\" \/>\r\n<meta property=\"og:url\" content=\"https:\/\/caldasmotos.com\/index.php\/2017\/06\/08\/campana-de-servicio-yamaha-del-cafe-cambio-llanta-trasera-en-las-motocicletas-modelo-fazer15-y-fz15\/\" \/>\r\n<meta property=\"og:site_name\" content=\"CALDAS MOTOS\" \/>\r\n<meta property=\"article:published_time\" content=\"2017-06-08T15:05:42+00:00\" \/>\r\n<meta property=\"og:image\" content=\"https:\/\/caldasmotos.com\/wp-content\/uploads\/2017\/06\/Fazer-fz16-yamaha-distrimotos-palmira.jpg\" \/>\r\n\t<meta property=\"og:image:width\" content=\"1996\" \/>\r\n\t<meta property=\"og:image:height\" content=\"918\" \/>\r\n\t<meta property=\"og:image:type\" content=\"image\/jpeg\" \/>\r\n<meta name=\"twitter:card\" content=\"summary\" \/>\r\n<meta name=\"twitter:label1\" content=\"Escrito por\" \/>\n\t<meta name=\"twitter:data1\" content=\"admin\" \/>\n\t<meta name=\"twitter:label2\" content=\"Tiempo estimado de lectura\" \/>\n\t<meta name=\"twitter:data2\" content=\"1 minuto\" \/>\r\n<script type=\"application\/ld+json\" class=\"yoast-schema-graph\">{\"@context\":\"https:\/\/schema.org\",\"@graph\":[{\"@type\":\"Organization\",\"@id\":\"https:\/\/caldasmotos.com\/#organization\",\"name\":\"distrimotosyamaha\",\"url\":\"https:\/\/caldasmotos.com\/\",\"sameAs\":[],\"logo\":{\"@type\":\"ImageObject\",\"@id\":\"https:\/\/caldasmotos.com\/#logo\",\"inLanguage\":\"es-CO\",\"url\":\"http:\/\/caldasmotos.com\/wp-content\/uploads\/2019\/10\/5-1.png\",\"contentUrl\":\"http:\/\/caldasmotos.com\/wp-content\/uploads\/2019\/10\/5-1.png\",\"width\":1924,\"height\":398,\"caption\":\"distrimotosyamaha\"},\"image\":{\"@id\":\"https:\/\/caldasmotos.com\/#logo\"}},{\"@type\":\"WebSite\",\"@id\":\"https:\/\/caldasmotos.com\/#website\",\"url\":\"https:\/\/caldasmotos.com\/\",\"name\":\"CALDAS MOTOS\",\"description\":\"Caldas motos, yamaha manizales, manizales yamaha, yamaha, caldas yamaha\",\"publisher\":{\"@id\":\"https:\/\/caldasmotos.com\/#organization\"},\"potentialAction\":[{\"@type\":\"SearchAction\",\"target\":{\"@type\":\"EntryPoint\",\"urlTemplate\":\"https:\/\/caldasmotos.com\/?s={search_term_string}\"},\"query-input\":\"required name=search_term_string\"}],\"inLanguage\":\"es-CO\"},{\"@type\":\"ImageObject\",\"@id\":\"https:\/\/caldasmotos.com\/index.php\/2017\/06\/08\/campana-de-servicio-yamaha-del-cafe-cambio-llanta-trasera-en-las-motocicletas-modelo-fazer15-y-fz15\/#primaryimage\",\"inLanguage\":\"es-CO\",\"url\":\"https:\/\/caldasmotos.com\/wp-content\/uploads\/2017\/06\/Fazer-fz16-yamaha-distrimotos-palmira.jpg\",\"contentUrl\":\"https:\/\/caldasmotos.com\/wp-content\/uploads\/2017\/06\/Fazer-fz16-yamaha-distrimotos-palmira.jpg\",\"width\":1996,\"height\":918},{\"@type\":\"WebPage\",\"@id\":\"https:\/\/caldasmotos.com\/index.php\/2017\/06\/08\/campana-de-servicio-yamaha-del-cafe-cambio-llanta-trasera-en-las-motocicletas-modelo-fazer15-y-fz15\/#webpage\",\"url\":\"https:\/\/caldasmotos.com\/index.php\/2017\/06\/08\/campana-de-servicio-yamaha-del-cafe-cambio-llanta-trasera-en-las-motocicletas-modelo-fazer15-y-fz15\/\",\"name\":\"CAMPA\u00d1A DE SERVICIO YAMAHA DEL CAF\u00c9 - CAMBIO LLANTA TRASERA EN LAS MOTOCICLETAS MODELO FAZER15 Y FZ15 - CALDAS MOTOS\",\"isPartOf\":{\"@id\":\"https:\/\/caldasmotos.com\/#website\"},\"primaryImageOfPage\":{\"@id\":\"https:\/\/caldasmotos.com\/index.php\/2017\/06\/08\/campana-de-servicio-yamaha-del-cafe-cambio-llanta-trasera-en-las-motocicletas-modelo-fazer15-y-fz15\/#primaryimage\"},\"datePublished\":\"2017-06-08T15:05:42+00:00\",\"dateModified\":\"2017-06-08T15:05:42+00:00\",\"description\":\"Caldas motos, yamaha manizales, manizales yamaha, yamaha, caldas yamaha\",\"breadcrumb\":{\"@id\":\"https:\/\/caldasmotos.com\/index.php\/2017\/06\/08\/campana-de-servicio-yamaha-del-cafe-cambio-llanta-trasera-en-las-motocicletas-modelo-fazer15-y-fz15\/#breadcrumb\"},\"inLanguage\":\"es-CO\",\"potentialAction\":[{\"@type\":\"ReadAction\",\"target\":[\"https:\/\/caldasmotos.com\/index.php\/2017\/06\/08\/campana-de-servicio-yamaha-del-cafe-cambio-llanta-trasera-en-las-motocicletas-modelo-fazer15-y-fz15\/\"]}]},{\"@type\":\"BreadcrumbList\",\"@id\":\"https:\/\/caldasmotos.com\/index.php\/2017\/06\/08\/campana-de-servicio-yamaha-del-cafe-cambio-llanta-trasera-en-las-motocicletas-modelo-fazer15-y-fz15\/#breadcrumb\",\"itemListElement\":[{\"@type\":\"ListItem\",\"position\":1,\"name\":\"Home\",\"item\":\"https:\/\/caldasmotos.com\/\"},{\"@type\":\"ListItem\",\"position\":2,\"name\":\"CAMPA\u00d1A DE SERVICIO YAMAHA DEL CAF\u00c9 &#8211; CAMBIO LLANTA TRASERA EN LAS MOTOCICLETAS MODELO FAZER15 Y FZ15\"}]},{\"@type\":\"Article\",\"@id\":\"https:\/\/caldasmotos.com\/index.php\/2017\/06\/08\/campana-de-servicio-yamaha-del-cafe-cambio-llanta-trasera-en-las-motocicletas-modelo-fazer15-y-fz15\/#article\",\"isPartOf\":{\"@id\":\"https:\/\/caldasmotos.com\/index.php\/2017\/06\/08\/campana-de-servicio-yamaha-del-cafe-cambio-llanta-trasera-en-las-motocicletas-modelo-fazer15-y-fz15\/#webpage\"},\"author\":{\"@id\":\"https:\/\/caldasmotos.com\/#\/schema\/person\/0d5abf3bd5c8c09299ba2f54e7e0ebf1\"},\"headline\":\"CAMPA\u00d1A DE SERVICIO YAMAHA DEL CAF\u00c9 &#8211; CAMBIO LLANTA TRASERA EN LAS MOTOCICLETAS MODELO FAZER15 Y FZ15\",\"datePublished\":\"2017-06-08T15:05:42+00:00\",\"dateModified\":\"2017-06-08T15:05:42+00:00\",\"mainEntityOfPage\":{\"@id\":\"https:\/\/caldasmotos.com\/index.php\/2017\/06\/08\/campana-de-servicio-yamaha-del-cafe-cambio-llanta-trasera-en-las-motocicletas-modelo-fazer15-y-fz15\/#webpage\"},\"wordCount\":198,\"commentCount\":0,\"publisher\":{\"@id\":\"https:\/\/caldasmotos.com\/#organization\"},\"image\":{\"@id\":\"https:\/\/caldasmotos.com\/index.php\/2017\/06\/08\/campana-de-servicio-yamaha-del-cafe-cambio-llanta-trasera-en-las-motocicletas-modelo-fazer15-y-fz15\/#primaryimage\"},\"thumbnailUrl\":\"https:\/\/caldasmotos.com\/wp-content\/uploads\/2017\/06\/Fazer-fz16-yamaha-distrimotos-palmira.jpg\",\"articleSection\":[\"Noticias\"],\"inLanguage\":\"es-CO\",\"potentialAction\":[{\"@type\":\"CommentAction\",\"name\":\"Comment\",\"target\":[\"https:\/\/caldasmotos.com\/index.php\/2017\/06\/08\/campana-de-servicio-yamaha-del-cafe-cambio-llanta-trasera-en-las-motocicletas-modelo-fazer15-y-fz15\/#respond\"]}]},{\"@type\":\"Person\",\"@id\":\"https:\/\/caldasmotos.com\/#\/schema\/person\/0d5abf3bd5c8c09299ba2f54e7e0ebf1\",\"name\":\"admin\",\"image\":{\"@type\":\"ImageObject\",\"@id\":\"https:\/\/caldasmotos.com\/#personlogo\",\"inLanguage\":\"es-CO\",\"url\":\"https:\/\/secure.gravatar.com\/avatar\/058fc9a4e22642767287866e1edb8811?s=96&d=mm&r=g\",\"contentUrl\":\"https:\/\/secure.gravatar.com\/avatar\/058fc9a4e22642767287866e1edb8811?s=96&d=mm&r=g\",\"caption\":\"admin\"},\"description\":\"venta y distribucion de motos yamaha, venta de repuestos yamaha, mantenimiento de motos yamaha\",\"sameAs\":[\"http:\/\/distrimotosyamaha\"],\"url\":\"https:\/\/caldasmotos.com\/index.php\/author\/admin\/\"}]}<\/script>\r\n<!-- \/ Yoast SEO plugin. -->","yoast_head_json":{"title":"CAMPA\u00d1A DE SERVICIO YAMAHA DEL CAF\u00c9 - CAMBIO LLANTA TRASERA EN LAS MOTOCICLETAS MODELO FAZER15 Y FZ15 - CALDAS MOTOS","description":"Caldas motos, yamaha manizales, manizales yamaha, yamaha, caldas yamaha","robots":{"index":"index","follow":"follow","max-snippet":"max-snippet:-1","max-image-preview":"max-image-preview:large","max-video-preview":"max-video-preview:-1"},"canonical":"https:\/\/caldasmotos.com\/index.php\/2017\/06\/08\/campana-de-servicio-yamaha-del-cafe-cambio-llanta-trasera-en-las-motocicletas-modelo-fazer15-y-fz15\/","og_locale":"es_ES","og_type":"article","og_title":"CAMPA\u00d1A DE SERVICIO YAMAHA DEL CAF\u00c9 - CAMBIO LLANTA TRASERA EN LAS MOTOCICLETAS MODELO FAZER15 Y FZ15 - CALDAS MOTOS","og_description":"Caldas motos, yamaha manizales, manizales yamaha, yamaha, caldas yamaha","og_url":"https:\/\/caldasmotos.com\/index.php\/2017\/06\/08\/campana-de-servicio-yamaha-del-cafe-cambio-llanta-trasera-en-las-motocicletas-modelo-fazer15-y-fz15\/","og_site_name":"CALDAS MOTOS","article_published_time":"2017-06-08T15:05:42+00:00","og_image":[{"width":1996,"height":918,"url":"https:\/\/caldasmotos.com\/wp-content\/uploads\/2017\/06\/Fazer-fz16-yamaha-distrimotos-palmira.jpg","type":"image\/jpeg"}],"twitter_card":"summary","twitter_misc":{"Escrito por":"admin","Tiempo estimado de lectura":"1 minuto"},"schema":{"@context":"https:\/\/schema.org","@graph":[{"@type":"Organization","@id":"https:\/\/caldasmotos.com\/#organization","name":"distrimotosyamaha","url":"https:\/\/caldasmotos.com\/","sameAs":[],"logo":{"@type":"ImageObject","@id":"https:\/\/caldasmotos.com\/#logo","inLanguage":"es-CO","url":"http:\/\/caldasmotos.com\/wp-content\/uploads\/2019\/10\/5-1.png","contentUrl":"http:\/\/caldasmotos.com\/wp-content\/uploads\/2019\/10\/5-1.png","width":1924,"height":398,"caption":"distrimotosyamaha"},"image":{"@id":"https:\/\/caldasmotos.com\/#logo"}},{"@type":"WebSite","@id":"https:\/\/caldasmotos.com\/#website","url":"https:\/\/caldasmotos.com\/","name":"CALDAS MOTOS","description":"Caldas motos, yamaha manizales, manizales yamaha, yamaha, caldas yamaha","publisher":{"@id":"https:\/\/caldasmotos.com\/#organization"},"potentialAction":[{"@type":"SearchAction","target":{"@type":"EntryPoint","urlTemplate":"https:\/\/caldasmotos.com\/?s={search_term_string}"},"query-input":"required name=search_term_string"}],"inLanguage":"es-CO"},{"@type":"ImageObject","@id":"https:\/\/caldasmotos.com\/index.php\/2017\/06\/08\/campana-de-servicio-yamaha-del-cafe-cambio-llanta-trasera-en-las-motocicletas-modelo-fazer15-y-fz15\/#primaryimage","inLanguage":"es-CO","url":"https:\/\/caldasmotos.com\/wp-content\/uploads\/2017\/06\/Fazer-fz16-yamaha-distrimotos-palmira.jpg","contentUrl":"https:\/\/caldasmotos.com\/wp-content\/uploads\/2017\/06\/Fazer-fz16-yamaha-distrimotos-palmira.jpg","width":1996,"height":918},{"@type":"WebPage","@id":"https:\/\/caldasmotos.com\/index.php\/2017\/06\/08\/campana-de-servicio-yamaha-del-cafe-cambio-llanta-trasera-en-las-motocicletas-modelo-fazer15-y-fz15\/#webpage","url":"https:\/\/caldasmotos.com\/index.php\/2017\/06\/08\/campana-de-servicio-yamaha-del-cafe-cambio-llanta-trasera-en-las-motocicletas-modelo-fazer15-y-fz15\/","name":"CAMPA\u00d1A DE SERVICIO YAMAHA DEL CAF\u00c9 - CAMBIO LLANTA TRASERA EN LAS MOTOCICLETAS MODELO FAZER15 Y FZ15 - CALDAS MOTOS","isPartOf":{"@id":"https:\/\/caldasmotos.com\/#website"},"primaryImageOfPage":{"@id":"https:\/\/caldasmotos.com\/index.php\/2017\/06\/08\/campana-de-servicio-yamaha-del-cafe-cambio-llanta-trasera-en-las-motocicletas-modelo-fazer15-y-fz15\/#primaryimage"},"datePublished":"2017-06-08T15:05:42+00:00","dateModified":"2017-06-08T15:05:42+00:00","description":"Caldas motos, yamaha manizales, manizales yamaha, yamaha, caldas yamaha","breadcrumb":{"@id":"https:\/\/caldasmotos.com\/index.php\/2017\/06\/08\/campana-de-servicio-yamaha-del-cafe-cambio-llanta-trasera-en-las-motocicletas-modelo-fazer15-y-fz15\/#breadcrumb"},"inLanguage":"es-CO","potentialAction":[{"@type":"ReadAction","target":["https:\/\/caldasmotos.com\/index.php\/2017\/06\/08\/campana-de-servicio-yamaha-del-cafe-cambio-llanta-trasera-en-las-motocicletas-modelo-fazer15-y-fz15\/"]}]},{"@type":"BreadcrumbList","@id":"https:\/\/caldasmotos.com\/index.php\/2017\/06\/08\/campana-de-servicio-yamaha-del-cafe-cambio-llanta-trasera-en-las-motocicletas-modelo-fazer15-y-fz15\/#breadcrumb","itemListElement":[{"@type":"ListItem","position":1,"name":"Home","item":"https:\/\/caldasmotos.com\/"},{"@type":"ListItem","position":2,"name":"CAMPA\u00d1A DE SERVICIO YAMAHA DEL CAF\u00c9 &#8211; CAMBIO LLANTA TRASERA EN LAS MOTOCICLETAS MODELO FAZER15 Y FZ15"}]},{"@type":"Article","@id":"https:\/\/caldasmotos.com\/index.php\/2017\/06\/08\/campana-de-servicio-yamaha-del-cafe-cambio-llanta-trasera-en-las-motocicletas-modelo-fazer15-y-fz15\/#article","isPartOf":{"@id":"https:\/\/caldasmotos.com\/index.php\/2017\/06\/08\/campana-de-servicio-yamaha-del-cafe-cambio-llanta-trasera-en-las-motocicletas-modelo-fazer15-y-fz15\/#webpage"},"author":{"@id":"https:\/\/caldasmotos.com\/#\/schema\/person\/0d5abf3bd5c8c09299ba2f54e7e0ebf1"},"headline":"CAMPA\u00d1A DE SERVICIO YAMAHA DEL CAF\u00c9 &#8211; CAMBIO LLANTA TRASERA EN LAS MOTOCICLETAS MODELO FAZER15 Y FZ15","datePublished":"2017-06-08T15:05:42+00:00","dateModified":"2017-06-08T15:05:42+00:00","mainEntityOfPage":{"@id":"https:\/\/caldasmotos.com\/index.php\/2017\/06\/08\/campana-de-servicio-yamaha-del-cafe-cambio-llanta-trasera-en-las-motocicletas-modelo-fazer15-y-fz15\/#webpage"},"wordCount":198,"commentCount":0,"publisher":{"@id":"https:\/\/caldasmotos.com\/#organization"},"image":{"@id":"https:\/\/caldasmotos.com\/index.php\/2017\/06\/08\/campana-de-servicio-yamaha-del-cafe-cambio-llanta-trasera-en-las-motocicletas-modelo-fazer15-y-fz15\/#primaryimage"},"thumbnailUrl":"https:\/\/caldasmotos.com\/wp-content\/uploads\/2017\/06\/Fazer-fz16-yamaha-distrimotos-palmira.jpg","articleSection":["Noticias"],"inLanguage":"es-CO","potentialAction":[{"@type":"CommentAction","name":"Comment","target":["https:\/\/caldasmotos.com\/index.php\/2017\/06\/08\/campana-de-servicio-yamaha-del-cafe-cambio-llanta-trasera-en-las-motocicletas-modelo-fazer15-y-fz15\/#respond"]}]},{"@type":"Person","@id":"https:\/\/caldasmotos.com\/#\/schema\/person\/0d5abf3bd5c8c09299ba2f54e7e0ebf1","name":"admin","image":{"@type":"ImageObject","@id":"https:\/\/caldasmotos.com\/#personlogo","inLanguage":"es-CO","url":"https:\/\/secure.gravatar.com\/avatar\/058fc9a4e22642767287866e1edb8811?s=96&d=mm&r=g","contentUrl":"https:\/\/secure.gravatar.com\/avatar\/058fc9a4e22642767287866e1edb8811?s=96&d=mm&r=g","caption":"admin"},"description":"venta y distribucion de motos yamaha, venta de repuestos yamaha, mantenimiento de motos yamaha","sameAs":["http:\/\/distrimotosyamaha"],"url":"https:\/\/caldasmotos.com\/index.php\/author\/admin\/"}]}},"_links":{"self":[{"href":"https:\/\/caldasmotos.com\/index.php\/wp-json\/wp\/v2\/posts\/389"}],"collection":[{"href":"https:\/\/caldasmotos.com\/index.php\/wp-json\/wp\/v2\/posts"}],"about":[{"href":"https:\/\/caldasmotos.com\/index.php\/wp-json\/wp\/v2\/types\/post"}],"author":[{"embeddable":true,"href":"https:\/\/caldasmotos.com\/index.php\/wp-json\/wp\/v2\/users\/1"}],"replies":[{"embeddable":true,"href":"https:\/\/caldasmotos.com\/index.php\/wp-json\/wp\/v2\/comments?post=389"}],"version-history":[{"count":1,"href":"https:\/\/caldasmotos.com\/index.php\/wp-json\/wp\/v2\/posts\/389\/revisions"}],"predecessor-version":[{"id":391,"href":"https:\/\/caldasmotos.com\/index.php\/wp-json\/wp\/v2\/posts\/389\/revisions\/391"}],"wp:featuredmedia":[{"embeddable":true,"href":"https:\/\/caldasmotos.com\/index.php\/wp-json\/wp\/v2\/media\/390"}],"wp:attachment":[{"href":"https:\/\/caldasmotos.com\/index.php\/wp-json\/wp\/v2\/media?parent=389"}],"wp:term":[{"taxonomy":"category","embeddable":true,"href":"https:\/\/caldasmotos.com\/index.php\/wp-json\/wp\/v2\/categories?post=389"},{"taxonomy":"post_tag","embeddable":true,"href":"https:\/\/caldasmotos.com\/index.php\/wp-json\/wp\/v2\/tags?post=389"}],"curies":[{"name":"wp","href":"https:\/\/api.w.org\/{rel}","templated":true}]}}