{"id":486,"date":"2018-08-30T15:03:33","date_gmt":"2018-08-30T15:03:33","guid":{"rendered":"http:\/\/www.yamahadelcafe.com\/?p=486"},"modified":"2018-08-30T15:03:33","modified_gmt":"2018-08-30T15:03:33","slug":"incolmotos-yamaha-una-de-las-empresas-mas-inspiradoras-de-colombia-andi","status":"publish","type":"post","link":"https:\/\/caldasmotos.com\/index.php\/2018\/08\/30\/incolmotos-yamaha-una-de-las-empresas-mas-inspiradoras-de-colombia-andi\/","title":{"rendered":"\u201cINCOLMOTOS YAMAHA UNA DE LAS EMPRESAS M\u00c1S INSPIRADORAS DE COLOMBIA\u201d: ANDI"},"content":{"rendered":"<h2>Incolmotos Yamaha, a trav\u00e9s de su Fundaci\u00f3n, fue seleccionada como una de las veinte \u201cEmpresas m\u00e1s Inspiradoras\u201d de Colombia.<\/h2>\n<p><img loading=\"lazy\" class=\"alignnone  wp-image-487\" src=\"http:\/\/simbiosystemas-001-site6.gtempurl.com\/wp-content\/uploads\/2018\/08\/Empresas-Inspiradoras-Andi-300x225.jpg\" alt=\"\" width=\"468\" height=\"351\" srcset=\"https:\/\/caldasmotos.com\/wp-content\/uploads\/2018\/08\/Empresas-Inspiradoras-Andi-300x225.jpg 300w, https:\/\/caldasmotos.com\/wp-content\/uploads\/2018\/08\/Empresas-Inspiradoras-Andi-600x450.jpg 600w, https:\/\/caldasmotos.com\/wp-content\/uploads\/2018\/08\/Empresas-Inspiradoras-Andi-768x576.jpg 768w, https:\/\/caldasmotos.com\/wp-content\/uploads\/2018\/08\/Empresas-Inspiradoras-Andi-285x214.jpg 285w, https:\/\/caldasmotos.com\/wp-content\/uploads\/2018\/08\/Empresas-Inspiradoras-Andi.jpg 960w\" sizes=\"(max-width: 468px) 100vw, 468px\" \/><\/p>\n<p>Incolmotos Yamaha, a trav\u00e9s de su Fundaci\u00f3n, fue seleccionada como una de las veinte \u201cEmpresas m\u00e1s Inspiradoras\u201d de Colombia. El reconocimiento lo hace la Fundaci\u00f3n ANDI, la consultora internacional l\u00edder en estrategia de valor compartido FSG, la Agencia para el Desarrollo Internacional de los Estados Unidos (USAID) y la ONG estadounidense Acdi\/Voca.<\/p>\n<p>&nbsp;<\/p>\n<p>La distinci\u00f3n se entreg\u00f3 durante el Congreso Empresarial Colombiano de la ANDI en Cartagena, donde se resaltaron las iniciativas de la Fundaci\u00f3n Incolmotos Yamaha, que este a\u00f1o ha beneficiado a 21.546 personas.<\/p>\n<p>&nbsp;<\/p>\n<p>Jos\u00e9 William Vel\u00e1squez Bedoya, Director de la Fundaci\u00f3n, asegur\u00f3 que\u00a0<em>\u201cdesde Incolmotos Yamaha y la Fundaci\u00f3n siempre hemos sido conscientes del papel determinante que tenemos como sector privado en la construcci\u00f3n de una naci\u00f3n m\u00e1s incluyente y equitativa. Este reconocimiento a nuestra gesti\u00f3n nos llena de alegr\u00eda porque nos deja como referentes y nos compromete a continuar perfeccionando nuestra estrategia corporativa con el objetivo de seguir generando valor compartido.\u201d<\/em>.<\/p>\n<p>&nbsp;<\/p>\n<p><em>\u201cGracias a Becas Tokando he aprendido a tocar instrumentos de viento como la flauta. Esto me hace feliz porque para m\u00ed la m\u00fasica es vivir, es expresar todo sobre mi ser y mi cultura\u201d, asegur\u00f3\u00a0Jos\u00e9 Antonio Cossio Renter\u00eda, estudiante del programa en Choc\u00f3.<\/em><\/p>\n<p>&nbsp;<\/p>\n<p>El reconocimiento fue recibido por el Dr. Francisco J. Sierra, Presidente de la Junta Directiva de Incolmotos Yamaha.<\/p>\n<p>&nbsp;<\/p>\n<p><strong>Contexto:<\/strong><\/p>\n<p>&nbsp;<\/p>\n<p>A la convocatoria de\u00a0<em>\u201cEmpresas Inspiradoras\u201d<\/em>\u00a0se postularon cerca de 100 iniciativas que fueron estudiadas y evaluadas bajo los criterios: impacto social, resultados para el negocio e inclusi\u00f3n de grupos hist\u00f3ricamente desatendidos o marginados.<\/p>\n","protected":false},"excerpt":{"rendered":"<p>Incolmotos Yamaha, a trav\u00e9s de su Fundaci\u00f3n, fue seleccionada como una de las veinte \u201cEmpresas m\u00e1s Inspiradoras\u201d de Colombia. Incolmotos Yamaha, a trav\u00e9s de su Fundaci\u00f3n, fue seleccionada como una de las veinte \u201cEmpresas m\u00e1s Inspiradoras\u201d de Colombia. El reconocimiento lo hace la Fundaci\u00f3n ANDI, la consultora internacional l\u00edder en estrategia de valor compartido FSG, <a href=\"https:\/\/caldasmotos.com\/index.php\/2018\/08\/30\/incolmotos-yamaha-una-de-las-empresas-mas-inspiradoras-de-colombia-andi\/\" rel=\"nofollow\"><span class=\"sr-only\">Read more about \u201cINCOLMOTOS YAMAHA UNA DE LAS EMPRESAS M\u00c1S INSPIRADORAS DE COLOMBIA\u201d: ANDI<\/span>[&#8230;]<\/a><\/p>\n","protected":false},"author":1,"featured_media":487,"comment_status":"closed","ping_status":"closed","sticky":false,"template":"","format":"standard","meta":{"_monsterinsights_skip_tracking":false,"_monsterinsights_sitenote_active":false,"_monsterinsights_sitenote_note":"","_monsterinsights_sitenote_category":0},"categories":[8],"tags":[],"aioseo_notices":[],"yoast_head":"<!-- This site is optimized with the Yoast SEO plugin v18.4.1 - https:\/\/yoast.com\/wordpress\/plugins\/seo\/ -->\r\n<title>\u201cINCOLMOTOS YAMAHA UNA DE LAS EMPRESAS M\u00c1S INSPIRADORAS DE COLOMBIA\u201d: ANDI - CALDAS MOTOS<\/title>\r\n<meta name=\"description\" content=\"Caldas motos, yamaha manizales, manizales yamaha, yamaha, caldas yamaha\" \/>\r\n<meta name=\"robots\" content=\"index, follow, max-snippet:-1, max-image-preview:large, max-video-preview:-1\" \/>\r\n<link rel=\"canonical\" href=\"https:\/\/caldasmotos.com\/index.php\/2018\/08\/30\/incolmotos-yamaha-una-de-las-empresas-mas-inspiradoras-de-colombia-andi\/\" \/>\r\n<meta property=\"og:locale\" content=\"es_ES\" \/>\r\n<meta property=\"og:type\" content=\"article\" \/>\r\n<meta property=\"og:title\" content=\"\u201cINCOLMOTOS YAMAHA UNA DE LAS EMPRESAS M\u00c1S INSPIRADORAS DE COLOMBIA\u201d: ANDI - CALDAS MOTOS\" \/>\r\n<meta property=\"og:description\" content=\"Caldas motos, yamaha manizales, manizales yamaha, yamaha, caldas yamaha\" \/>\r\n<meta property=\"og:url\" content=\"https:\/\/caldasmotos.com\/index.php\/2018\/08\/30\/incolmotos-yamaha-una-de-las-empresas-mas-inspiradoras-de-colombia-andi\/\" \/>\r\n<meta property=\"og:site_name\" content=\"CALDAS MOTOS\" \/>\r\n<meta property=\"article:published_time\" content=\"2018-08-30T15:03:33+00:00\" \/>\r\n<meta property=\"og:image\" content=\"https:\/\/caldasmotos.com\/wp-content\/uploads\/2018\/08\/Empresas-Inspiradoras-Andi.jpg\" \/>\r\n\t<meta property=\"og:image:width\" content=\"960\" \/>\r\n\t<meta property=\"og:image:height\" content=\"720\" \/>\r\n\t<meta property=\"og:image:type\" content=\"image\/jpeg\" \/>\r\n<meta name=\"twitter:card\" content=\"summary\" \/>\r\n<meta name=\"twitter:label1\" content=\"Escrito por\" \/>\n\t<meta name=\"twitter:data1\" content=\"admin\" \/>\n\t<meta name=\"twitter:label2\" content=\"Tiempo estimado de lectura\" \/>\n\t<meta name=\"twitter:data2\" content=\"2 minutos\" \/>\r\n<script type=\"application\/ld+json\" class=\"yoast-schema-graph\">{\"@context\":\"https:\/\/schema.org\",\"@graph\":[{\"@type\":\"Organization\",\"@id\":\"https:\/\/caldasmotos.com\/#organization\",\"name\":\"distrimotosyamaha\",\"url\":\"https:\/\/caldasmotos.com\/\",\"sameAs\":[],\"logo\":{\"@type\":\"ImageObject\",\"@id\":\"https:\/\/caldasmotos.com\/#logo\",\"inLanguage\":\"es-CO\",\"url\":\"http:\/\/caldasmotos.com\/wp-content\/uploads\/2019\/10\/5-1.png\",\"contentUrl\":\"http:\/\/caldasmotos.com\/wp-content\/uploads\/2019\/10\/5-1.png\",\"width\":1924,\"height\":398,\"caption\":\"distrimotosyamaha\"},\"image\":{\"@id\":\"https:\/\/caldasmotos.com\/#logo\"}},{\"@type\":\"WebSite\",\"@id\":\"https:\/\/caldasmotos.com\/#website\",\"url\":\"https:\/\/caldasmotos.com\/\",\"name\":\"CALDAS MOTOS\",\"description\":\"Caldas motos, yamaha manizales, manizales yamaha, yamaha, caldas yamaha\",\"publisher\":{\"@id\":\"https:\/\/caldasmotos.com\/#organization\"},\"potentialAction\":[{\"@type\":\"SearchAction\",\"target\":{\"@type\":\"EntryPoint\",\"urlTemplate\":\"https:\/\/caldasmotos.com\/?s={search_term_string}\"},\"query-input\":\"required name=search_term_string\"}],\"inLanguage\":\"es-CO\"},{\"@type\":\"ImageObject\",\"@id\":\"https:\/\/caldasmotos.com\/index.php\/2018\/08\/30\/incolmotos-yamaha-una-de-las-empresas-mas-inspiradoras-de-colombia-andi\/#primaryimage\",\"inLanguage\":\"es-CO\",\"url\":\"https:\/\/caldasmotos.com\/wp-content\/uploads\/2018\/08\/Empresas-Inspiradoras-Andi.jpg\",\"contentUrl\":\"https:\/\/caldasmotos.com\/wp-content\/uploads\/2018\/08\/Empresas-Inspiradoras-Andi.jpg\",\"width\":960,\"height\":720},{\"@type\":\"WebPage\",\"@id\":\"https:\/\/caldasmotos.com\/index.php\/2018\/08\/30\/incolmotos-yamaha-una-de-las-empresas-mas-inspiradoras-de-colombia-andi\/#webpage\",\"url\":\"https:\/\/caldasmotos.com\/index.php\/2018\/08\/30\/incolmotos-yamaha-una-de-las-empresas-mas-inspiradoras-de-colombia-andi\/\",\"name\":\"\u201cINCOLMOTOS YAMAHA UNA DE LAS EMPRESAS M\u00c1S INSPIRADORAS DE COLOMBIA\u201d: ANDI - CALDAS MOTOS\",\"isPartOf\":{\"@id\":\"https:\/\/caldasmotos.com\/#website\"},\"primaryImageOfPage\":{\"@id\":\"https:\/\/caldasmotos.com\/index.php\/2018\/08\/30\/incolmotos-yamaha-una-de-las-empresas-mas-inspiradoras-de-colombia-andi\/#primaryimage\"},\"datePublished\":\"2018-08-30T15:03:33+00:00\",\"dateModified\":\"2018-08-30T15:03:33+00:00\",\"description\":\"Caldas motos, yamaha manizales, manizales yamaha, yamaha, caldas yamaha\",\"breadcrumb\":{\"@id\":\"https:\/\/caldasmotos.com\/index.php\/2018\/08\/30\/incolmotos-yamaha-una-de-las-empresas-mas-inspiradoras-de-colombia-andi\/#breadcrumb\"},\"inLanguage\":\"es-CO\",\"potentialAction\":[{\"@type\":\"ReadAction\",\"target\":[\"https:\/\/caldasmotos.com\/index.php\/2018\/08\/30\/incolmotos-yamaha-una-de-las-empresas-mas-inspiradoras-de-colombia-andi\/\"]}]},{\"@type\":\"BreadcrumbList\",\"@id\":\"https:\/\/caldasmotos.com\/index.php\/2018\/08\/30\/incolmotos-yamaha-una-de-las-empresas-mas-inspiradoras-de-colombia-andi\/#breadcrumb\",\"itemListElement\":[{\"@type\":\"ListItem\",\"position\":1,\"name\":\"Home\",\"item\":\"https:\/\/caldasmotos.com\/\"},{\"@type\":\"ListItem\",\"position\":2,\"name\":\"\u201cINCOLMOTOS YAMAHA UNA DE LAS EMPRESAS M\u00c1S INSPIRADORAS DE COLOMBIA\u201d: ANDI\"}]},{\"@type\":\"Article\",\"@id\":\"https:\/\/caldasmotos.com\/index.php\/2018\/08\/30\/incolmotos-yamaha-una-de-las-empresas-mas-inspiradoras-de-colombia-andi\/#article\",\"isPartOf\":{\"@id\":\"https:\/\/caldasmotos.com\/index.php\/2018\/08\/30\/incolmotos-yamaha-una-de-las-empresas-mas-inspiradoras-de-colombia-andi\/#webpage\"},\"author\":{\"@id\":\"https:\/\/caldasmotos.com\/#\/schema\/person\/0d5abf3bd5c8c09299ba2f54e7e0ebf1\"},\"headline\":\"\u201cINCOLMOTOS YAMAHA UNA DE LAS EMPRESAS M\u00c1S INSPIRADORAS DE COLOMBIA\u201d: ANDI\",\"datePublished\":\"2018-08-30T15:03:33+00:00\",\"dateModified\":\"2018-08-30T15:03:33+00:00\",\"mainEntityOfPage\":{\"@id\":\"https:\/\/caldasmotos.com\/index.php\/2018\/08\/30\/incolmotos-yamaha-una-de-las-empresas-mas-inspiradoras-de-colombia-andi\/#webpage\"},\"wordCount\":317,\"publisher\":{\"@id\":\"https:\/\/caldasmotos.com\/#organization\"},\"image\":{\"@id\":\"https:\/\/caldasmotos.com\/index.php\/2018\/08\/30\/incolmotos-yamaha-una-de-las-empresas-mas-inspiradoras-de-colombia-andi\/#primaryimage\"},\"thumbnailUrl\":\"https:\/\/caldasmotos.com\/wp-content\/uploads\/2018\/08\/Empresas-Inspiradoras-Andi.jpg\",\"articleSection\":[\"Noticias\"],\"inLanguage\":\"es-CO\"},{\"@type\":\"Person\",\"@id\":\"https:\/\/caldasmotos.com\/#\/schema\/person\/0d5abf3bd5c8c09299ba2f54e7e0ebf1\",\"name\":\"admin\",\"image\":{\"@type\":\"ImageObject\",\"@id\":\"https:\/\/caldasmotos.com\/#personlogo\",\"inLanguage\":\"es-CO\",\"url\":\"https:\/\/secure.gravatar.com\/avatar\/058fc9a4e22642767287866e1edb8811?s=96&d=mm&r=g\",\"contentUrl\":\"https:\/\/secure.gravatar.com\/avatar\/058fc9a4e22642767287866e1edb8811?s=96&d=mm&r=g\",\"caption\":\"admin\"},\"description\":\"venta y distribucion de motos yamaha, venta de repuestos yamaha, mantenimiento de motos yamaha\",\"sameAs\":[\"http:\/\/distrimotosyamaha\"],\"url\":\"https:\/\/caldasmotos.com\/index.php\/author\/admin\/\"}]}<\/script>\r\n<!-- \/ Yoast SEO plugin. -->","yoast_head_json":{"title":"\u201cINCOLMOTOS YAMAHA UNA DE LAS EMPRESAS M\u00c1S INSPIRADORAS DE COLOMBIA\u201d: ANDI - CALDAS MOTOS","description":"Caldas motos, yamaha manizales, manizales yamaha, yamaha, caldas yamaha","robots":{"index":"index","follow":"follow","max-snippet":"max-snippet:-1","max-image-preview":"max-image-preview:large","max-video-preview":"max-video-preview:-1"},"canonical":"https:\/\/caldasmotos.com\/index.php\/2018\/08\/30\/incolmotos-yamaha-una-de-las-empresas-mas-inspiradoras-de-colombia-andi\/","og_locale":"es_ES","og_type":"article","og_title":"\u201cINCOLMOTOS YAMAHA UNA DE LAS EMPRESAS M\u00c1S INSPIRADORAS DE COLOMBIA\u201d: ANDI - CALDAS MOTOS","og_description":"Caldas motos, yamaha manizales, manizales yamaha, yamaha, caldas yamaha","og_url":"https:\/\/caldasmotos.com\/index.php\/2018\/08\/30\/incolmotos-yamaha-una-de-las-empresas-mas-inspiradoras-de-colombia-andi\/","og_site_name":"CALDAS MOTOS","article_published_time":"2018-08-30T15:03:33+00:00","og_image":[{"width":960,"height":720,"url":"https:\/\/caldasmotos.com\/wp-content\/uploads\/2018\/08\/Empresas-Inspiradoras-Andi.jpg","type":"image\/jpeg"}],"twitter_card":"summary","twitter_misc":{"Escrito por":"admin","Tiempo estimado de lectura":"2 minutos"},"schema":{"@context":"https:\/\/schema.org","@graph":[{"@type":"Organization","@id":"https:\/\/caldasmotos.com\/#organization","name":"distrimotosyamaha","url":"https:\/\/caldasmotos.com\/","sameAs":[],"logo":{"@type":"ImageObject","@id":"https:\/\/caldasmotos.com\/#logo","inLanguage":"es-CO","url":"http:\/\/caldasmotos.com\/wp-content\/uploads\/2019\/10\/5-1.png","contentUrl":"http:\/\/caldasmotos.com\/wp-content\/uploads\/2019\/10\/5-1.png","width":1924,"height":398,"caption":"distrimotosyamaha"},"image":{"@id":"https:\/\/caldasmotos.com\/#logo"}},{"@type":"WebSite","@id":"https:\/\/caldasmotos.com\/#website","url":"https:\/\/caldasmotos.com\/","name":"CALDAS MOTOS","description":"Caldas motos, yamaha manizales, manizales yamaha, yamaha, caldas yamaha","publisher":{"@id":"https:\/\/caldasmotos.com\/#organization"},"potentialAction":[{"@type":"SearchAction","target":{"@type":"EntryPoint","urlTemplate":"https:\/\/caldasmotos.com\/?s={search_term_string}"},"query-input":"required name=search_term_string"}],"inLanguage":"es-CO"},{"@type":"ImageObject","@id":"https:\/\/caldasmotos.com\/index.php\/2018\/08\/30\/incolmotos-yamaha-una-de-las-empresas-mas-inspiradoras-de-colombia-andi\/#primaryimage","inLanguage":"es-CO","url":"https:\/\/caldasmotos.com\/wp-content\/uploads\/2018\/08\/Empresas-Inspiradoras-Andi.jpg","contentUrl":"https:\/\/caldasmotos.com\/wp-content\/uploads\/2018\/08\/Empresas-Inspiradoras-Andi.jpg","width":960,"height":720},{"@type":"WebPage","@id":"https:\/\/caldasmotos.com\/index.php\/2018\/08\/30\/incolmotos-yamaha-una-de-las-empresas-mas-inspiradoras-de-colombia-andi\/#webpage","url":"https:\/\/caldasmotos.com\/index.php\/2018\/08\/30\/incolmotos-yamaha-una-de-las-empresas-mas-inspiradoras-de-colombia-andi\/","name":"\u201cINCOLMOTOS YAMAHA UNA DE LAS EMPRESAS M\u00c1S INSPIRADORAS DE COLOMBIA\u201d: ANDI - CALDAS MOTOS","isPartOf":{"@id":"https:\/\/caldasmotos.com\/#website"},"primaryImageOfPage":{"@id":"https:\/\/caldasmotos.com\/index.php\/2018\/08\/30\/incolmotos-yamaha-una-de-las-empresas-mas-inspiradoras-de-colombia-andi\/#primaryimage"},"datePublished":"2018-08-30T15:03:33+00:00","dateModified":"2018-08-30T15:03:33+00:00","description":"Caldas motos, yamaha manizales, manizales yamaha, yamaha, caldas yamaha","breadcrumb":{"@id":"https:\/\/caldasmotos.com\/index.php\/2018\/08\/30\/incolmotos-yamaha-una-de-las-empresas-mas-inspiradoras-de-colombia-andi\/#breadcrumb"},"inLanguage":"es-CO","potentialAction":[{"@type":"ReadAction","target":["https:\/\/caldasmotos.com\/index.php\/2018\/08\/30\/incolmotos-yamaha-una-de-las-empresas-mas-inspiradoras-de-colombia-andi\/"]}]},{"@type":"BreadcrumbList","@id":"https:\/\/caldasmotos.com\/index.php\/2018\/08\/30\/incolmotos-yamaha-una-de-las-empresas-mas-inspiradoras-de-colombia-andi\/#breadcrumb","itemListElement":[{"@type":"ListItem","position":1,"name":"Home","item":"https:\/\/caldasmotos.com\/"},{"@type":"ListItem","position":2,"name":"\u201cINCOLMOTOS YAMAHA UNA DE LAS EMPRESAS M\u00c1S INSPIRADORAS DE COLOMBIA\u201d: ANDI"}]},{"@type":"Article","@id":"https:\/\/caldasmotos.com\/index.php\/2018\/08\/30\/incolmotos-yamaha-una-de-las-empresas-mas-inspiradoras-de-colombia-andi\/#article","isPartOf":{"@id":"https:\/\/caldasmotos.com\/index.php\/2018\/08\/30\/incolmotos-yamaha-una-de-las-empresas-mas-inspiradoras-de-colombia-andi\/#webpage"},"author":{"@id":"https:\/\/caldasmotos.com\/#\/schema\/person\/0d5abf3bd5c8c09299ba2f54e7e0ebf1"},"headline":"\u201cINCOLMOTOS YAMAHA UNA DE LAS EMPRESAS M\u00c1S INSPIRADORAS DE COLOMBIA\u201d: ANDI","datePublished":"2018-08-30T15:03:33+00:00","dateModified":"2018-08-30T15:03:33+00:00","mainEntityOfPage":{"@id":"https:\/\/caldasmotos.com\/index.php\/2018\/08\/30\/incolmotos-yamaha-una-de-las-empresas-mas-inspiradoras-de-colombia-andi\/#webpage"},"wordCount":317,"publisher":{"@id":"https:\/\/caldasmotos.com\/#organization"},"image":{"@id":"https:\/\/caldasmotos.com\/index.php\/2018\/08\/30\/incolmotos-yamaha-una-de-las-empresas-mas-inspiradoras-de-colombia-andi\/#primaryimage"},"thumbnailUrl":"https:\/\/caldasmotos.com\/wp-content\/uploads\/2018\/08\/Empresas-Inspiradoras-Andi.jpg","articleSection":["Noticias"],"inLanguage":"es-CO"},{"@type":"Person","@id":"https:\/\/caldasmotos.com\/#\/schema\/person\/0d5abf3bd5c8c09299ba2f54e7e0ebf1","name":"admin","image":{"@type":"ImageObject","@id":"https:\/\/caldasmotos.com\/#personlogo","inLanguage":"es-CO","url":"https:\/\/secure.gravatar.com\/avatar\/058fc9a4e22642767287866e1edb8811?s=96&d=mm&r=g","contentUrl":"https:\/\/secure.gravatar.com\/avatar\/058fc9a4e22642767287866e1edb8811?s=96&d=mm&r=g","caption":"admin"},"description":"venta y distribucion de motos yamaha, venta de repuestos yamaha, mantenimiento de motos yamaha","sameAs":["http:\/\/distrimotosyamaha"],"url":"https:\/\/caldasmotos.com\/index.php\/author\/admin\/"}]}},"_links":{"self":[{"href":"https:\/\/caldasmotos.com\/index.php\/wp-json\/wp\/v2\/posts\/486"}],"collection":[{"href":"https:\/\/caldasmotos.com\/index.php\/wp-json\/wp\/v2\/posts"}],"about":[{"href":"https:\/\/caldasmotos.com\/index.php\/wp-json\/wp\/v2\/types\/post"}],"author":[{"embeddable":true,"href":"https:\/\/caldasmotos.com\/index.php\/wp-json\/wp\/v2\/users\/1"}],"replies":[{"embeddable":true,"href":"https:\/\/caldasmotos.com\/index.php\/wp-json\/wp\/v2\/comments?post=486"}],"version-history":[{"count":1,"href":"https:\/\/caldasmotos.com\/index.php\/wp-json\/wp\/v2\/posts\/486\/revisions"}],"predecessor-version":[{"id":488,"href":"https:\/\/caldasmotos.com\/index.php\/wp-json\/wp\/v2\/posts\/486\/revisions\/488"}],"wp:featuredmedia":[{"embeddable":true,"href":"https:\/\/caldasmotos.com\/index.php\/wp-json\/wp\/v2\/media\/487"}],"wp:attachment":[{"href":"https:\/\/caldasmotos.com\/index.php\/wp-json\/wp\/v2\/media?parent=486"}],"wp:term":[{"taxonomy":"category","embeddable":true,"href":"https:\/\/caldasmotos.com\/index.php\/wp-json\/wp\/v2\/categories?post=486"},{"taxonomy":"post_tag","embeddable":true,"href":"https:\/\/caldasmotos.com\/index.php\/wp-json\/wp\/v2\/tags?post=486"}],"curies":[{"name":"wp","href":"https:\/\/api.w.org\/{rel}","templated":true}]}}